{"id":2014,"date":"2024-05-21T21:27:26","date_gmt":"2024-05-21T19:27:26","guid":{"rendered":"https:\/\/www.paroleetcoupdetheatre.fr\/?p=2014"},"modified":"2025-09-24T09:40:15","modified_gmt":"2025-09-24T07:40:15","slug":"des-ateliers-theatre-pas-comme-les-autres","status":"publish","type":"post","link":"https:\/\/www.paroleetcoupdetheatre.fr\/index.php\/2024\/05\/21\/des-ateliers-theatre-pas-comme-les-autres\/","title":{"rendered":"\u00ab\u00a0Des ateliers th\u00e9\u00e2tre\u00a0! Pas comme les autres"},"content":{"rendered":"\n<blockquote class=\"wp-block-quote is-layout-flow wp-block-quote-is-layout-flow\">\n<blockquote class=\"wp-block-quote is-layout-flow wp-block-quote-is-layout-flow\">\n<p>Le fondement de l\u2019activit\u00e9 th\u00e9\u00e2tre est d\u2019abord le plaisir du jeu. Et puis, tr\u00e8s vite, c\u2019est toute une spirale de d\u00e9couvertes qui se met en mouvement\u00a0: travail sur l\u2019\u00e9locution, l\u2019\u00e9criture, le vocabulaire, sur la cr\u00e9ativit\u00e9 et l\u2019acc\u00e8s \u00e0 l\u2019imaginaire, sur la m\u00e9moire et la concentration, la gestuelle, le sch\u00e9ma corporel, la d\u00e9couverte de soi. <\/p>\n\n\n\n<p>Le th\u00e9\u00e2tre nous permet de d\u00e9velopper nos capacit\u00e9s personnelles d\u2019expression afin d\u2019\u00eatre mieux avec nous-m\u00eame et donc aussi avec les autres. Pour Louis Jouvet\u00a0: \u00a0\u00bb Il n\u2019y a rien de plus n\u00e9cessaire que le th\u00e9\u00e2tre \u00ab\u00a0.<\/p>\n\n\n\n<p>Parole et Coup de Th\u00e9\u00e2tre vous proposent trois ateliers th\u00e9\u00e2tre pour les enfants, les adolescents et les adultes, dirig\u00e9s par le metteur en sc\u00e8ne Karim ARRIM. <\/p>\n\n\n\n<p>Particuli\u00e8rement attentif \u00e0 cr\u00e9er des groupes homog\u00e8nes, nous veillons \u00e0 r\u00e9unir les participants par tranches d\u2019\u00e2ge rapproch\u00e9es, afin qu\u2019ils se retrouvent et jouent autour de centres d\u2019int\u00e9r\u00eats communs. <\/p>\n\n\n\n<p>Pour cl\u00f4turer la saison, tous les ateliers se produisent au Th\u00e9\u00e2tre Jean Piat de Canet-en-Roussillon.\u00a0\u00bb\u00a0 \u00a0<\/p>\n\n\n\n<p><\/p>\n<\/blockquote>\n<\/blockquote>\n\n\n\n<p><\/p>\n","protected":false},"excerpt":{"rendered":"<p>Le fondement de l\u2019activit\u00e9 th\u00e9\u00e2tre est d\u2019abord le plaisir du jeu. Et puis, tr\u00e8s vite, c\u2019est toute une spirale de d\u00e9couvertes qui se met en mouvement\u00a0: travail sur l\u2019\u00e9locution, l\u2019\u00e9criture, le vocabulaire, sur la cr\u00e9ativit\u00e9 et l\u2019acc\u00e8s \u00e0 l\u2019imaginaire, sur la m\u00e9moire et la concentration, la gestuelle, le sch\u00e9ma corporel, la d\u00e9couverte de soi. Le th\u00e9\u00e2tre nous permet de d\u00e9velopper nos capacit\u00e9s personnelles d\u2019expression afin d\u2019\u00eatre mieux avec nous-m\u00eame et donc aussi avec les autres. Pour Louis Jouvet\u00a0: \u00a0\u00bb Il n\u2019y a rien de plus n\u00e9cessaire que le th\u00e9\u00e2tre \u00ab\u00a0.<\/p>\n<p>Parole et Coup de Th\u00e9\u00e2tre vous proposent trois ateliers th\u00e9\u00e2tre pour les enfants, les adolescents et les adultes, dirig\u00e9s par le metteur en sc\u00e8ne Karim ARRIM. Particuli\u00e8rement attentif \u00e0 cr\u00e9er des groupes homog\u00e8nes, nous veillons \u00e0 r\u00e9unir les participants par tranches d\u2019\u00e2ge rapproch\u00e9es, afin qu\u2019ils se retrouvent et jouent autour de centres d\u2019int\u00e9r\u00eats communs. Pour cl\u00f4turer la saison, tous les ateliers se produisent au Th\u00e9\u00e2tre Jean Piat de Canet-en-Roussillon.\u00a0\u00bb<\/p>\n","protected":false},"author":2,"featured_media":2067,"comment_status":"closed","ping_status":"closed","sticky":true,"template":"","format":"standard","meta":{"_themeisle_gutenberg_block_has_review":false,"footnotes":""},"categories":[4],"tags":[9,8],"class_list":["post-2014","post","type-post","status-publish","format-standard","has-post-thumbnail","hentry","category-informations","tag-association-canet-en-rooussillon","tag-parole-et-coup-de-theatre"],"_links":{"self":[{"href":"https:\/\/www.paroleetcoupdetheatre.fr\/index.php\/wp-json\/wp\/v2\/posts\/2014","targetHints":{"allow":["GET"]}}],"collection":[{"href":"https:\/\/www.paroleetcoupdetheatre.fr\/index.php\/wp-json\/wp\/v2\/posts"}],"about":[{"href":"https:\/\/www.paroleetcoupdetheatre.fr\/index.php\/wp-json\/wp\/v2\/types\/post"}],"author":[{"embeddable":true,"href":"https:\/\/www.paroleetcoupdetheatre.fr\/index.php\/wp-json\/wp\/v2\/users\/2"}],"replies":[{"embeddable":true,"href":"https:\/\/www.paroleetcoupdetheatre.fr\/index.php\/wp-json\/wp\/v2\/comments?post=2014"}],"version-history":[{"count":4,"href":"https:\/\/www.paroleetcoupdetheatre.fr\/index.php\/wp-json\/wp\/v2\/posts\/2014\/revisions"}],"predecessor-version":[{"id":2021,"href":"https:\/\/www.paroleetcoupdetheatre.fr\/index.php\/wp-json\/wp\/v2\/posts\/2014\/revisions\/2021"}],"wp:featuredmedia":[{"embeddable":true,"href":"https:\/\/www.paroleetcoupdetheatre.fr\/index.php\/wp-json\/wp\/v2\/media\/2067"}],"wp:attachment":[{"href":"https:\/\/www.paroleetcoupdetheatre.fr\/index.php\/wp-json\/wp\/v2\/media?parent=2014"}],"wp:term":[{"taxonomy":"category","embeddable":true,"href":"https:\/\/www.paroleetcoupdetheatre.fr\/index.php\/wp-json\/wp\/v2\/categories?post=2014"},{"taxonomy":"post_tag","embeddable":true,"href":"https:\/\/www.paroleetcoupdetheatre.fr\/index.php\/wp-json\/wp\/v2\/tags?post=2014"}],"curies":[{"name":"wp","href":"https:\/\/api.w.org\/{rel}","templated":true}]}}