{"id":2023,"date":"2024-09-11T19:41:19","date_gmt":"2024-09-11T17:41:19","guid":{"rendered":"http:\/\/www.paroleetcoupdetheatre.fr\/?p=2023"},"modified":"2025-10-03T11:43:06","modified_gmt":"2025-10-03T09:43:06","slug":"saison-2024-2025","status":"publish","type":"post","link":"https:\/\/www.paroleetcoupdetheatre.fr\/index.php\/2024\/09\/11\/saison-2024-2025\/","title":{"rendered":"Saison 2025\/2026"},"content":{"rendered":"\n<p class=\"has-large-font-size\">Horaires ateliers :<\/p>\n\n\n\n<p class=\"has-medium-font-size\"><strong>Ateliers enfants &#8211; Lundi<\/strong><\/p>\n\n\n\n<p><strong>De 8 \u00e0 10 ans<\/strong> &#8211; 17h30 \u00e0 18h30<\/p>\n\n\n\n<p><strong>Ateliers pr\u00e9-ados &#8211; Lundi<\/strong><\/p>\n\n\n\n<p><strong>De 11 \u00e0 13 ans<\/strong> &#8211; 18h45 \u00e0 19h45<\/p>\n\n\n\n<p><strong>Ateliers ados &#8211; Mardi<\/strong><\/p>\n\n\n\n<p>De 18h15 \u00e0 19h30<\/p>\n\n\n\n<p><strong>Ateliers adultes &#8211; Mardi<\/strong><\/p>\n\n\n\n<p>De 20h \u00e0 22h<\/p>\n\n\n\n<pre class=\"wp-block-verse\">Tous les ateliers ont lieu principalement au <strong>th\u00e9\u00e2tre Jean Piat <\/strong>- 3 rue Joseph Lafon \u00e0 Canet-en-Roussillon.<br>Sauf cas exceptionnel dans une salle au Centre Communal d'Action Sociale - 1 rue Jean Mermoz \u00e0 Canet-en-Roussillon.<\/pre>\n","protected":false},"excerpt":{"rendered":"<p>Horaires ateliers : Ateliers enfants &#8211; Lundi De 8 \u00e0 10 ans &#8211; 17h30 \u00e0 18h30 Ateliers pr\u00e9-ados &#8211; Lundi De 11 \u00e0 13 ans &#8211; 18h45 \u00e0 19h45 Ateliers ados &#8211; Mardi De 18h15 \u00e0 19h30 Ateliers adultes &#8211; Mardi De 20h \u00e0 22h Tous les ateliers ont lieu [&hellip;]<\/p>\n","protected":false},"author":1,"featured_media":1891,"comment_status":"closed","ping_status":"closed","sticky":false,"template":"","format":"standard","meta":{"_themeisle_gutenberg_block_has_review":false,"footnotes":""},"categories":[4],"tags":[10],"class_list":["post-2023","post","type-post","status-publish","format-standard","has-post-thumbnail","hentry","category-informations","tag-horaires-ateliers"],"_links":{"self":[{"href":"https:\/\/www.paroleetcoupdetheatre.fr\/index.php\/wp-json\/wp\/v2\/posts\/2023","targetHints":{"allow":["GET"]}}],"collection":[{"href":"https:\/\/www.paroleetcoupdetheatre.fr\/index.php\/wp-json\/wp\/v2\/posts"}],"about":[{"href":"https:\/\/www.paroleetcoupdetheatre.fr\/index.php\/wp-json\/wp\/v2\/types\/post"}],"author":[{"embeddable":true,"href":"https:\/\/www.paroleetcoupdetheatre.fr\/index.php\/wp-json\/wp\/v2\/users\/1"}],"replies":[{"embeddable":true,"href":"https:\/\/www.paroleetcoupdetheatre.fr\/index.php\/wp-json\/wp\/v2\/comments?post=2023"}],"version-history":[{"count":4,"href":"https:\/\/www.paroleetcoupdetheatre.fr\/index.php\/wp-json\/wp\/v2\/posts\/2023\/revisions"}],"predecessor-version":[{"id":2085,"href":"https:\/\/www.paroleetcoupdetheatre.fr\/index.php\/wp-json\/wp\/v2\/posts\/2023\/revisions\/2085"}],"wp:featuredmedia":[{"embeddable":true,"href":"https:\/\/www.paroleetcoupdetheatre.fr\/index.php\/wp-json\/wp\/v2\/media\/1891"}],"wp:attachment":[{"href":"https:\/\/www.paroleetcoupdetheatre.fr\/index.php\/wp-json\/wp\/v2\/media?parent=2023"}],"wp:term":[{"taxonomy":"category","embeddable":true,"href":"https:\/\/www.paroleetcoupdetheatre.fr\/index.php\/wp-json\/wp\/v2\/categories?post=2023"},{"taxonomy":"post_tag","embeddable":true,"href":"https:\/\/www.paroleetcoupdetheatre.fr\/index.php\/wp-json\/wp\/v2\/tags?post=2023"}],"curies":[{"name":"wp","href":"https:\/\/api.w.org\/{rel}","templated":true}]}}