{"id":2098,"date":"2025-10-16T08:48:46","date_gmt":"2025-10-16T06:48:46","guid":{"rendered":"https:\/\/www.paroleetcoupdetheatre.fr\/?p=2098"},"modified":"2025-10-16T09:18:31","modified_gmt":"2025-10-16T07:18:31","slug":"le-chant-des-sept-tours","status":"publish","type":"post","link":"https:\/\/www.paroleetcoupdetheatre.fr\/index.php\/2025\/10\/16\/le-chant-des-sept-tours\/","title":{"rendered":"Le Chant des sept tours"},"content":{"rendered":"<div class=\"wp-block-image\">\n<figure class=\"aligncenter size-large\"><img loading=\"lazy\" decoding=\"async\" width=\"708\" height=\"1024\" src=\"http:\/\/www.paroleetcoupdetheatre.fr\/wp-content\/uploads\/2025\/10\/Le-chant-des-sept-tours-1-708x1024.jpg\" alt=\"\" class=\"wp-image-2088\" srcset=\"https:\/\/www.paroleetcoupdetheatre.fr\/wp-content\/uploads\/2025\/10\/Le-chant-des-sept-tours-1-708x1024.jpg 708w, https:\/\/www.paroleetcoupdetheatre.fr\/wp-content\/uploads\/2025\/10\/Le-chant-des-sept-tours-1-207x300.jpg 207w, https:\/\/www.paroleetcoupdetheatre.fr\/wp-content\/uploads\/2025\/10\/Le-chant-des-sept-tours-1-768x1111.jpg 768w, https:\/\/www.paroleetcoupdetheatre.fr\/wp-content\/uploads\/2025\/10\/Le-chant-des-sept-tours-1.jpg 1037w\" sizes=\"auto, (max-width: 708px) 100vw, 708px\" \/><\/figure>\n<\/div>\n\n\n<p class=\"has-text-align-center has-small-font-size\">\u00ab\u202fTous mes textes, je m\u2019en rends compte, sont au fond, \u00e9crits pour r\u00e9sonner face \u00e0 un public.\u202f\u00bb<br>Laurent Gaud\u00e9<\/p>\n\n\n\n<p>\u00ab Quel chant \u2013 dans quelle langue \u2013 pourra dire la blessure de n\u2019\u00eatre plus rien\u202f? \u202f\u00bb Laurent Gaud\u00e9 r\u00e9pond \u00e0 cette interrogation par sa po\u00e9sie, \u00ab\u202fqui n\u2019oublie pas la vieille valeur sacr\u00e9e de l\u2019\u00e9crit\u202f: faire que des vies soient sauv\u00e9es du n\u00e9ant parce qu\u2019on les aura racont\u00e9es. \u202f\u00bb C\u2019est ainsi que Le Chant des sept tours est une offrande aux oubli\u00e9s, aux engloutis, \u00e0 ceux qui ne sont rien, victimes anonymes de la cruaut\u00e9 humaine.<\/p>\n","protected":false},"excerpt":{"rendered":"<p>\u00ab\u202fTous mes textes, je m\u2019en rends compte, sont au fond, \u00e9crits pour r\u00e9sonner face \u00e0 un public.\u202f\u00bbLaurent Gaud\u00e9 \u00ab Quel chant \u2013 dans quelle langue \u2013 pourra dire la blessure de n\u2019\u00eatre plus rien\u202f? \u202f\u00bb Laurent Gaud\u00e9 r\u00e9pond \u00e0 cette interrogation par sa po\u00e9sie, \u00ab\u202fqui n\u2019oublie pas la vieille valeur [&hellip;]<\/p>\n","protected":false},"author":1,"featured_media":2088,"comment_status":"closed","ping_status":"closed","sticky":false,"template":"","format":"standard","meta":{"_themeisle_gutenberg_block_has_review":false,"footnotes":""},"categories":[1,3],"tags":[12],"class_list":["post-2098","post","type-post","status-publish","format-standard","has-post-thumbnail","hentry","category-actualite","category-production","tag-le-chant-des-sept-tours"],"_links":{"self":[{"href":"https:\/\/www.paroleetcoupdetheatre.fr\/index.php\/wp-json\/wp\/v2\/posts\/2098","targetHints":{"allow":["GET"]}}],"collection":[{"href":"https:\/\/www.paroleetcoupdetheatre.fr\/index.php\/wp-json\/wp\/v2\/posts"}],"about":[{"href":"https:\/\/www.paroleetcoupdetheatre.fr\/index.php\/wp-json\/wp\/v2\/types\/post"}],"author":[{"embeddable":true,"href":"https:\/\/www.paroleetcoupdetheatre.fr\/index.php\/wp-json\/wp\/v2\/users\/1"}],"replies":[{"embeddable":true,"href":"https:\/\/www.paroleetcoupdetheatre.fr\/index.php\/wp-json\/wp\/v2\/comments?post=2098"}],"version-history":[{"count":2,"href":"https:\/\/www.paroleetcoupdetheatre.fr\/index.php\/wp-json\/wp\/v2\/posts\/2098\/revisions"}],"predecessor-version":[{"id":2103,"href":"https:\/\/www.paroleetcoupdetheatre.fr\/index.php\/wp-json\/wp\/v2\/posts\/2098\/revisions\/2103"}],"wp:featuredmedia":[{"embeddable":true,"href":"https:\/\/www.paroleetcoupdetheatre.fr\/index.php\/wp-json\/wp\/v2\/media\/2088"}],"wp:attachment":[{"href":"https:\/\/www.paroleetcoupdetheatre.fr\/index.php\/wp-json\/wp\/v2\/media?parent=2098"}],"wp:term":[{"taxonomy":"category","embeddable":true,"href":"https:\/\/www.paroleetcoupdetheatre.fr\/index.php\/wp-json\/wp\/v2\/categories?post=2098"},{"taxonomy":"post_tag","embeddable":true,"href":"https:\/\/www.paroleetcoupdetheatre.fr\/index.php\/wp-json\/wp\/v2\/tags?post=2098"}],"curies":[{"name":"wp","href":"https:\/\/api.w.org\/{rel}","templated":true}]}}